{"id":2744,"date":"2024-07-18T14:58:43","date_gmt":"2024-07-18T20:58:43","guid":{"rendered":"https:\/\/www.radioramaizucar.com\/mexicana\/?p=2744"},"modified":"2024-07-18T14:58:44","modified_gmt":"2024-07-18T20:58:44","slug":"%f0%9f%8d%b6%f0%9f%98%ae%f0%9f%92%a8-es-oficial-teopantlan-es-sede-del-1er-encuentro-estatal-indigena-del-agave-y-el-mezcal%e2%80%bc%ef%b8%8f","status":"publish","type":"post","link":"https:\/\/www.radioramaizucar.com\/mexicana\/?p=2744","title":{"rendered":"\ud83c\udf76\ud83d\ude2e\u200d\ud83d\udca8 \u00a1Es oficial! #Teopantl\u00e1n es sede del 1er Encuentro Estatal Ind\u00edgena del Agave y el Mezcal\u203c\ufe0f"},"content":{"rendered":"\n<p>El Gobierno que encabeza el profesor Atanacio P\u00e9rez Ca\u00f1ete en coordinaci\u00f3n con el Instituto Poblano de los Pueblos Ind\u00edgenas (#IPPI), te invitan al 1er Encuentro Estatal Ind\u00edgena del Agave y el Mezcal (MEXKAL) en #Teopantl\u00e1n.<\/p>\n\n\n\n<p>En el encuentro asistir\u00e1n compa\u00f1eros de los municipios de #TepexiDeRodr\u00edguez, #Caltepec y #Tepeojuma, en el que podr\u00e1s disfrutar y conocer la experiencia de los mejores mezcales del estado de #Puebla.<\/p>\n\n\n\n<p>\ud83d\uddd3\ufe0f Te esperamos el pr\u00f3ximo Martes 20 y Mi\u00e9rcoles 21 de Agosto, a partir de las 9:00 de la ma\u00f1ana en el z\u00f3calo municipal.<\/p>\n\n\n\n<h1 class=\"wp-block-heading\">SigamosTransformando #Mezcal<\/h1>\n\n\n\n<p><\/p>\n\n\n\n<figure class=\"wp-block-embed is-type-video is-provider-youtube wp-block-embed-youtube wp-embed-aspect-16-9 wp-has-aspect-ratio\"><div class=\"wp-block-embed__wrapper\">\n<iframe loading=\"lazy\" title=\"TEOPANTLAN SEDE DEL 1ER ENCUENTRO ESTATAL INDIGENA DEL AGAVE Y EL MEZCAL\" width=\"1110\" height=\"624\" src=\"https:\/\/www.youtube.com\/embed\/1tMbBGHrDRc?feature=oembed\" frameborder=\"0\" allow=\"accelerometer; autoplay; clipboard-write; encrypted-media; gyroscope; picture-in-picture; web-share\" referrerpolicy=\"strict-origin-when-cross-origin\" allowfullscreen><\/iframe>\n<\/div><\/figure>\n\n\n\n<figure class=\"wp-block-image size-full\"><img loading=\"lazy\" decoding=\"async\" width=\"836\" height=\"467\" src=\"https:\/\/www.radioramaizucar.com\/mexicana\/wp-content\/uploads\/2024\/07\/image-21.png\" alt=\"\" class=\"wp-image-2745\" srcset=\"https:\/\/www.radioramaizucar.com\/mexicana\/wp-content\/uploads\/2024\/07\/image-21.png 836w, https:\/\/www.radioramaizucar.com\/mexicana\/wp-content\/uploads\/2024\/07\/image-21-300x168.png 300w, https:\/\/www.radioramaizucar.com\/mexicana\/wp-content\/uploads\/2024\/07\/image-21-768x429.png 768w\" sizes=\"auto, (max-width: 836px) 100vw, 836px\" \/><\/figure>\n","protected":false},"excerpt":{"rendered":"<p>El Gobierno que encabeza el profesor Atanacio P\u00e9rez Ca\u00f1ete en coordinaci\u00f3n con el Instituto Poblano de los Pueblos Ind\u00edgenas (#IPPI), te invitan al 1er Encuentro Estatal Ind\u00edgena del Agave y&hellip; <\/p>\n","protected":false},"author":5,"featured_media":2745,"comment_status":"closed","ping_status":"closed","sticky":false,"template":"","format":"standard","meta":{"_monsterinsights_skip_tracking":false,"_monsterinsights_sitenote_active":false,"_monsterinsights_sitenote_note":"","_monsterinsights_sitenote_category":0,"_themeisle_gutenberg_block_has_review":false,"footnotes":""},"categories":[25,17,26],"tags":[],"class_list":["post-2744","post","type-post","status-publish","format-standard","has-post-thumbnail","hentry","category-espectaculos-y-musicales","category-noticias-estatales","category-noticias-locales"],"_links":{"self":[{"href":"https:\/\/www.radioramaizucar.com\/mexicana\/index.php?rest_route=\/wp\/v2\/posts\/2744","targetHints":{"allow":["GET"]}}],"collection":[{"href":"https:\/\/www.radioramaizucar.com\/mexicana\/index.php?rest_route=\/wp\/v2\/posts"}],"about":[{"href":"https:\/\/www.radioramaizucar.com\/mexicana\/index.php?rest_route=\/wp\/v2\/types\/post"}],"author":[{"embeddable":true,"href":"https:\/\/www.radioramaizucar.com\/mexicana\/index.php?rest_route=\/wp\/v2\/users\/5"}],"replies":[{"embeddable":true,"href":"https:\/\/www.radioramaizucar.com\/mexicana\/index.php?rest_route=%2Fwp%2Fv2%2Fcomments&post=2744"}],"version-history":[{"count":0,"href":"https:\/\/www.radioramaizucar.com\/mexicana\/index.php?rest_route=\/wp\/v2\/posts\/2744\/revisions"}],"wp:featuredmedia":[{"embeddable":true,"href":"https:\/\/www.radioramaizucar.com\/mexicana\/index.php?rest_route=\/wp\/v2\/media\/2745"}],"wp:attachment":[{"href":"https:\/\/www.radioramaizucar.com\/mexicana\/index.php?rest_route=%2Fwp%2Fv2%2Fmedia&parent=2744"}],"wp:term":[{"taxonomy":"category","embeddable":true,"href":"https:\/\/www.radioramaizucar.com\/mexicana\/index.php?rest_route=%2Fwp%2Fv2%2Fcategories&post=2744"},{"taxonomy":"post_tag","embeddable":true,"href":"https:\/\/www.radioramaizucar.com\/mexicana\/index.php?rest_route=%2Fwp%2Fv2%2Ftags&post=2744"}],"curies":[{"name":"wp","href":"https:\/\/api.w.org\/{rel}","templated":true}]}}